{"id":2802,"date":"2017-02-04T11:33:04","date_gmt":"2017-02-04T09:33:04","guid":{"rendered":"http:\/\/www.protoieria3.ro\/wp\/?p=2802"},"modified":"2017-02-04T11:33:04","modified_gmt":"2017-02-04T09:33:04","slug":"parohia-sfantul-ioan-iacob-hozevitul","status":"publish","type":"post","link":"http:\/\/www.protoieria3.ro\/wp\/2017\/02\/04\/parohia-sfantul-ioan-iacob-hozevitul\/","title":{"rendered":"Parohia Sf\u00e2ntul Ioan Iacob Hozevitul"},"content":{"rendered":"<p>Parohia este situat\u0103 \u00een cel mai mare cartier din Bucure\u015fti, ridicat dup\u0103 1960, Balt\u0103-Alb\u0103 &#8211; Titan, cu o popula\u0163ie numeroas\u0103 datorit\u0103 aglomer\u0103rii de blocuri dar \u015fi a caselor. Din informa\u0163iile de locuitorii mai v\u00e2rstnici ai zonei, aceasta a f\u0103cut parte din comuna Dude\u015fti-Cioplea, apoi prin sistematizarea zonei a luat fiin\u0163\u0103 cartierul 23 August \u015fi \u00een cele din urm\u0103 a luat numele de Balt\u0103 \u2013Alb\u0103. Istoricul Constantin C. Giurescu spune c\u0103 acest cartier \u201ca fost construit \u00een preajma fabricii de ciment \u201eTitan\u201d-azi Bucure\u015fti, a marilor uzine 23 August \u015fi Republica cu mici func\u0163ionari \u015fi muncitori\u201d<a href=\"#_ftn1\" name=\"_ftnref1\"><sup>[1]<\/sup><\/a>. \u00a0Ea este este situat\u0103 l\u00e2ng\u0103 parcul Gheorghe Petra\u015fcu.\u00a0 Gheorghe Petrascu (1872-1949) a fost un pictor \u015fi academician rom\u00e2n, frate al diplomatului, scriitorului \u015fi criticului literar Nicolae Petra\u015fcu.\u00a0\u00cen zon\u0103 se afl\u0103 Institutul I.O.R.,Universitatea Titu Maiorescu , \u015ecoala de Muzic\u0103 nr.5 \u015fi \u015ecoala general\u0103 \u00a0nr.75 Leonardo Da Vinci \u015fi Liceul Benjamin Flanklin.<\/p>\n<ol start=\"1998\">\n<li><strong> ISTORICUL BISERICII PAROHIALE.<\/strong> [ISTORIA ZIDIRII EI] S-a sim\u0163it nevoia construirii acestui l\u0103ca\u015f, av\u00e2nd \u00een vedere num\u0103rul mic al bisericilor din zon\u0103, cele mai apropiate fiind: Balta Alb\u0103 (1939), Pogor\u00e2rea Sf\u00e2ntului Duh &#8211; Titan (1994), Sf\u00e2ntul Calinic &#8211; C\u0103\u0163elu (1955), Dude\u015fti-Cioplea II (1952), Izvorul Nou (1823), Mihai Bravu (1948), Parcul C\u0103l\u0103ra\u015filor (1942-1949). Un lucru inedit la aceast\u0103 nou\u0103 biseric\u0103 \u00eel reprezint\u0103 faptul c\u0103 a fost ridicat\u0103 prin contribu\u0163ia unui credincios care a copil\u0103rit \u00een aceast\u0103 zon\u0103, profesorul de fizic\u0103 Octavian Radu, primul ctitor al l\u0103ca\u015fului de cult. Terenul viran \u2013 situat \u00een continuitatea \u015ecolii Generale nr.75 \u201eLeonardo Da Vinci\u201d \u015fi a \u015ecolii de Muzic\u0103 Nr. 5, unde acesta se juca \u00een copil\u0103rie cu prietenii \u2013 avea s\u0103 fie viitorul amplasament al bisericii. Aprobarea pentru ridicarea bisericii a fost dat\u0103 de Sf\u00e2nta Arhiepiscopie a Bucure\u015ftilor la data de 5 august 1994, dar abia \u00een ianuarie 1997 a fost eliberat primul act al autorit\u0103\u0163ilor locale pentru \u00eenceperea demersurilor construirii ei. La 21 octombrie 1998 a fost eliberat\u0103 autoriza\u0163ia de construc\u0163ie, iar slujba de sfin\u0163ire a locului viitoarei biserici s-a oficiat \u00een data de 13 noiembrie 1998. \u00cen urma studiului de specialitate efectuat, s-a constatat c\u0103 terenul era foarte slab (av\u00e2nd \u00een vedere c\u0103 aici fusese cu mult timp \u00een urma o groap\u0103 de gunoi neautorizat\u0103) \u015fi s-a hot\u0103r\u00e2t c\u0103 era necesar ca pentru punerea temeliei s\u0103 fie fixa\u0163i 28 de st\u00e2lpi din beton armat, astfel c\u0103 funda\u0163ia propriu-zis\u0103 a fost finalizat\u0103 abia \u00een decembrie 2000. \u00cen paralel cu aceste lucr\u0103ri, a fost preg\u0103tit lemnul necesar ridic\u0103rii construc\u0163iei \u015fi trebuie s\u0103 men\u0163ion\u0103m sprijinul celor din Romsilva \u2013 care ne-au ajutat s\u0103 reducem costurile \u2013 \u015fi a stare\u0163ului M\u00e2n\u0103stirii Putna, Arhimandritul Melchisedec Velnic care a asigurat transportul lemnului la Bucure\u015fti. Nu uit\u0103m s\u0103 amintim c\u0103 f\u0103r\u0103 ajutorul finaciar dezinteresat al urm\u0103torilor ctitori \u2013 familia Cecilia-\u015etefania \u015fi Sorin-Ionel Stoian &#8211; construc\u0163ia l\u0103ca\u015fului de cult nu ar fi putut fi finalizat\u0103. Slujba de t\u00e2rnosire a bisericii a fost oficiat\u0103, \u00een data de 9 iunie 2002, de c\u0103tre \u00cenaltpreasfin\u0163itul Teodosie, Arhiepiscopul Tomisului \u015fi Preasfin\u0163itul Ambrozie, episcopul Giurgiului, pe atunci episcop vicar patriarhal, ca delega\u0163i ai Preafericitului P\u0103rinte Patriarh Teoctist, \u00eenconjura\u0163i de un sobor de preo\u0163i, diaconi \u015fi o mul\u0163ime de credincio\u015fi ai cartierului, bucuroas\u0103 de biserica nou\u0103. [ARHITECTUR\u0102. PLAN, DIMENSIUNI, MATERIALE DE CONSTRUC\u0162II] Planurile arhitecturale ale sf\u00e2ntului l\u0103ca\u015f de cult au fost \u00eentocmite de arhitectul George Miclea, av\u00e2nd drept suport arhitectura bucovinean\u0103 cu inflexiuni maramure\u015fene ce se reg\u0103sesc \u00een principal \u00een construc\u0163ia turlei (cu o \u00een\u0103l\u0163ime de 24 de metri)<a href=\"#_ftn2\" name=\"_ftnref2\">[2]<\/a>. Biserica este construit\u0103 \u00een totalitate \u2013 de me\u015fteri din comuna bucovinean\u0103 Vicovul de Sus din jude\u0163ul Suceava \u2013 sub form\u0103 de nav\u0103 de dimensiuni medii (23 metri x 8,5 metri), cu absida Sf\u00e2ntului Altar de form\u0103 semicircular\u0103 at\u00e2t la exterior c\u00e2t \u015fi la interior. Lumina natural\u0103 p\u0103trunde \u00een sf\u00e2ntul l\u0103ca\u015f prin intermediul celor 15 ferestre, din care 12 sunt dispuse \u00een dou\u0103 registre. \u00cen interior biserica este \u00eembog\u0103\u0163it\u0103 cu o catapeteasm\u0103 din lemn de tei cu sculptur\u0103 m\u0103iastr\u0103. [PICTURA] Biserica are un stil mai deosebit, \u00een sensul c\u0103 \u00een locul picturii obi\u015fnuite pe zidurile bisericilor ortodoxe, s-a hot\u0103r\u00e2t pictarea sfin\u0163ilor pe o p\u00e2nz\u0103 special\u0103 \u00een icoane realizate \u00een stil bizantin, asem\u0103n\u0103toare ca m\u0103rime \u015fi form\u0103. [OBIECTE VECHI DE CULT, MANUSCRISE \u015eI C\u0102R\u0162I VECHI] Biserica nu de\u0163ine obiecte de valoare, fiind un l\u0103ca\u015f nou de cult. [\u015eIRUL PREO\u0162ILOR] Toate activit\u0103\u0163ile necesare ridic\u0103rii sf\u00e2ntului l\u0103ca\u015f au fost puse sub auspiciile Sfintei Arhiepiscopii a Bucure\u015ftilor \u015fi cu purtarea de grij\u0103 a preotului Cornel Ilie &#8211; de la Biserica Eroii Revolu\u0163iei (1993-1994) \u015fi a preotului Adrian Niculcea &#8211; de la Biserica Pogor\u00e2rea Sf\u00e2ntului Duh -Titan (1995-2001), iar din 2001 p\u00e2n\u0103 \u00een prezent &#8211; a preotului paroh Ilie Filip.<\/li>\n<li><strong> CIMITIRUL<\/strong>. Parohia nu de\u021bine un cimitir parohial.<\/li>\n<li><strong> ACTIVIT\u0102<\/strong><strong>\u021a<\/strong><strong>I CULTURALE <\/strong><strong>\u0218<\/strong><strong>I FILANTROPICE \u00ceN TRECUT<\/strong>. \u00cen cadrul pr\u0103znuirii hramurilor bisericii \u015fi \u00een ajunul Pa\u015ftelui \u015fi al Na\u015fterii Domnului s-au oferit, prin sprijinul \u015fi contribu\u0163ia enoria\u015filor, pachete cu alimente famiilor nevoia\u015fe.<\/li>\n<li><strong> PROFILUL ACTUAL AL PAROHIEI<\/strong>. \u00cen prezent se desf\u0103\u015foar\u0103 activit\u0103\u0163i de \u00eent\u0103rire \u00een credin\u0163a ortodox\u0103 a credincio\u015filor, prin cateheze \u015fi cercuri biblice, prin pelerinaje \u015fi seri de film ortodox. De asemenea, diferi\u0163i invita\u0163i au vorbit enoria\u015filor no\u015ftri despre anumite personalit\u0103\u0163i culturale \u015fi biserice\u015fti ortodoxe. Biserica de\u0163ine, prin contribu\u0163ia enoria\u015filor no\u015ftri, o bibliotec\u0103 de unde credincio\u015fii, \u00een fiecare duminic\u0103, pot \u00eemprumuta c\u0103r\u0163ile duhovnice\u015fti de care au nevoie. Parohia desf\u0103\u015foar\u0103 parteneriate cu \u015fcolile din preajm\u0103 \u015fi cu Centrul de zi \u201ePinocchio 3\u201d.<\/li>\n<li><strong> DATE CONTACT PAROHIE<\/strong>. [HRAMURI] Sf\u00e2ntul Ioan Iacob Hozevitul (5 august) \u015fi Sf\u00e2ntul Ierarh Alexandru (30 august); [ADRES\u0102] Str.Gheorghe Petra\u015fcu, nr. 57, Sector 3, Bucure\u015fti; [SITE] <a href=\"http:\/\/www.parohia-sf-ioan-iacob-hozevitul.ro\">www.parohia-sf-ioan-iacob-hozevitul.ro<\/a>; [EMAIL] <a href=\"mailto:iliutafilip@yahoo.com\">iliutafilip@yahoo.com<\/a><\/li>\n<\/ol>\n<p><strong>BIBLIOGRAFIE:<\/strong> CONSTANTIN C.Giurescu, <em>Istoria Bucure\u015ftilor: Din cele mai vechi timpuri p\u00e2n\u0103 \u00een zilele noastre<\/em>, Editura pentru Literatur\u0103,1966; Lucia STOICA si Neculai IONESCU-GHINEA, Enciclopedia lacasurilor de cult din Bucuresti, Bisericile Ortodoxe, Ed.Universalia<\/p>\n<p><a href=\"#_ftnref1\" name=\"_ftn1\">[1]<\/a> Constantin C.Giurescu, <em>Istoria Bucure\u015ftilor: Din cele mai vechi timpuri p\u00e2n\u0103 \u00een zilele noastre<\/em>, Ed. pentru Literatur\u0103,1966, p.191<\/p>\n<p><a href=\"#_ftnref2\" name=\"_ftn2\">[2]<\/a> Lucia Stoica si Neculai Ionescu-Ghinea, Enciclopedia lacasurilor de cult din Bucuresti, Bisericile Ortodoxe, Ed.Universalia, p.309<\/p>\n<h2>Galerie Foto:<\/h2>\n\n\t\t\t<style type='text\/css'>\n\t\t\t\t#gallery-1 {\n\t\t\t\t\tmargin: auto;\n\t\t\t\t}\n\t\t\t\t#gallery-1 .gallery-item {\n\t\t\t\t\tfloat: left;\n\t\t\t\t\tmargin-top: 10px;\n\t\t\t\t\ttext-align: center;\n\t\t\t\t\twidth: 24.99%;\n\t\t\t\t}\n\t\t\t\t#gallery-1 img {\n\t\t\t\t\tborder: 2px solid #cfcfcf;\n\t\t\t\t}\n\t\t\t\t#gallery-1 .gallery-caption {\n\t\t\t\t\tmargin-left: 0;\n\t\t\t\t}\n\t\t\t\t\/* see gallery_shortcode() in wp-includes\/media.php *\/\n\t\t\t<\/style>\n\t\t<div id='gallery-1' class='gallery galleryid-2802 gallery-columns-4 gallery-size-thumbnail file'><dl class='gallery-item'>\n\t\t\t\t<dt class='gallery-icon landscape'>\n\t\t\t\t\t<a href='http:\/\/www.protoieria3.ro\/wp\/wp-content\/uploads\/2017\/02\/Biserica-Sfantul-Ioan-Iacob-Hozevitul-05.08-98m.jpg'><img width=\"150\" height=\"150\" src=\"http:\/\/www.protoieria3.ro\/wp\/wp-content\/uploads\/2017\/02\/Biserica-Sfantul-Ioan-Iacob-Hozevitul-05.08-98m-150x150.jpg\" class=\"attachment-thumbnail size-thumbnail\" alt=\"\" loading=\"lazy\" srcset=\"http:\/\/www.protoieria3.ro\/wp\/wp-content\/uploads\/2017\/02\/Biserica-Sfantul-Ioan-Iacob-Hozevitul-05.08-98m-150x150.jpg 150w, http:\/\/www.protoieria3.ro\/wp\/wp-content\/uploads\/2017\/02\/Biserica-Sfantul-Ioan-Iacob-Hozevitul-05.08-98m-85x85.jpg 85w, http:\/\/www.protoieria3.ro\/wp\/wp-content\/uploads\/2017\/02\/Biserica-Sfantul-Ioan-Iacob-Hozevitul-05.08-98m-80x80.jpg 80w\" sizes=\"(max-width: 150px) 100vw, 150px\" \/><\/a>\n\t\t\t\t<\/dt><\/dl><dl class='gallery-item'>\n\t\t\t\t<dt class='gallery-icon landscape'>\n\t\t\t\t\t<a href='http:\/\/www.protoieria3.ro\/wp\/wp-content\/uploads\/2017\/02\/Biserica-Sfantul-Ioan-Iacob-Hozevitul-05.08-156m.jpg'><img width=\"150\" height=\"150\" src=\"http:\/\/www.protoieria3.ro\/wp\/wp-content\/uploads\/2017\/02\/Biserica-Sfantul-Ioan-Iacob-Hozevitul-05.08-156m-150x150.jpg\" class=\"attachment-thumbnail size-thumbnail\" alt=\"\" loading=\"lazy\" srcset=\"http:\/\/www.protoieria3.ro\/wp\/wp-content\/uploads\/2017\/02\/Biserica-Sfantul-Ioan-Iacob-Hozevitul-05.08-156m-150x150.jpg 150w, http:\/\/www.protoieria3.ro\/wp\/wp-content\/uploads\/2017\/02\/Biserica-Sfantul-Ioan-Iacob-Hozevitul-05.08-156m-85x85.jpg 85w, http:\/\/www.protoieria3.ro\/wp\/wp-content\/uploads\/2017\/02\/Biserica-Sfantul-Ioan-Iacob-Hozevitul-05.08-156m-80x80.jpg 80w\" sizes=\"(max-width: 150px) 100vw, 150px\" \/><\/a>\n\t\t\t\t<\/dt><\/dl><dl class='gallery-item'>\n\t\t\t\t<dt class='gallery-icon landscape'>\n\t\t\t\t\t<a href='http:\/\/www.protoieria3.ro\/wp\/wp-content\/uploads\/2017\/02\/Biserica-Sfantul-Ioan-Iacob-Hozevitul-05.08-170.jpg'><img width=\"150\" height=\"150\" src=\"http:\/\/www.protoieria3.ro\/wp\/wp-content\/uploads\/2017\/02\/Biserica-Sfantul-Ioan-Iacob-Hozevitul-05.08-170-150x150.jpg\" class=\"attachment-thumbnail size-thumbnail\" alt=\"\" loading=\"lazy\" srcset=\"http:\/\/www.protoieria3.ro\/wp\/wp-content\/uploads\/2017\/02\/Biserica-Sfantul-Ioan-Iacob-Hozevitul-05.08-170-150x150.jpg 150w, http:\/\/www.protoieria3.ro\/wp\/wp-content\/uploads\/2017\/02\/Biserica-Sfantul-Ioan-Iacob-Hozevitul-05.08-170-85x85.jpg 85w, http:\/\/www.protoieria3.ro\/wp\/wp-content\/uploads\/2017\/02\/Biserica-Sfantul-Ioan-Iacob-Hozevitul-05.08-170-80x80.jpg 80w\" sizes=\"(max-width: 150px) 100vw, 150px\" \/><\/a>\n\t\t\t\t<\/dt><\/dl><dl class='gallery-item'>\n\t\t\t\t<dt class='gallery-icon landscape'>\n\t\t\t\t\t<a href='http:\/\/www.protoieria3.ro\/wp\/wp-content\/uploads\/2017\/02\/Biserica-Sfantul-Ioan-Iacob-Hozevitul-din-Bucuresti3.jpg'><img width=\"150\" height=\"150\" src=\"http:\/\/www.protoieria3.ro\/wp\/wp-content\/uploads\/2017\/02\/Biserica-Sfantul-Ioan-Iacob-Hozevitul-din-Bucuresti3-150x150.jpg\" class=\"attachment-thumbnail size-thumbnail\" alt=\"\" loading=\"lazy\" srcset=\"http:\/\/www.protoieria3.ro\/wp\/wp-content\/uploads\/2017\/02\/Biserica-Sfantul-Ioan-Iacob-Hozevitul-din-Bucuresti3-150x150.jpg 150w, http:\/\/www.protoieria3.ro\/wp\/wp-content\/uploads\/2017\/02\/Biserica-Sfantul-Ioan-Iacob-Hozevitul-din-Bucuresti3-85x85.jpg 85w, http:\/\/www.protoieria3.ro\/wp\/wp-content\/uploads\/2017\/02\/Biserica-Sfantul-Ioan-Iacob-Hozevitul-din-Bucuresti3-80x80.jpg 80w\" sizes=\"(max-width: 150px) 100vw, 150px\" \/><\/a>\n\t\t\t\t<\/dt>\n\t\t\t\t\t<dd class='wp-caption-text gallery-caption'>\n\t\t\t\t\tSANYO DIGITAL CAMERA\n\t\t\t\t\t<\/dd><\/dl><br style=\"clear: both\" \/><dl class='gallery-item'>\n\t\t\t\t<dt class='gallery-icon landscape'>\n\t\t\t\t\t<a href='http:\/\/www.protoieria3.ro\/wp\/wp-content\/uploads\/2017\/02\/Biserica-Sfantul-Ioan-Iacob-Hozevitul-din-Bucuresti4.jpg'><img width=\"150\" height=\"150\" src=\"http:\/\/www.protoieria3.ro\/wp\/wp-content\/uploads\/2017\/02\/Biserica-Sfantul-Ioan-Iacob-Hozevitul-din-Bucuresti4-150x150.jpg\" class=\"attachment-thumbnail size-thumbnail\" alt=\"\" loading=\"lazy\" srcset=\"http:\/\/www.protoieria3.ro\/wp\/wp-content\/uploads\/2017\/02\/Biserica-Sfantul-Ioan-Iacob-Hozevitul-din-Bucuresti4-150x150.jpg 150w, http:\/\/www.protoieria3.ro\/wp\/wp-content\/uploads\/2017\/02\/Biserica-Sfantul-Ioan-Iacob-Hozevitul-din-Bucuresti4-85x85.jpg 85w, http:\/\/www.protoieria3.ro\/wp\/wp-content\/uploads\/2017\/02\/Biserica-Sfantul-Ioan-Iacob-Hozevitul-din-Bucuresti4-80x80.jpg 80w\" sizes=\"(max-width: 150px) 100vw, 150px\" \/><\/a>\n\t\t\t\t<\/dt>\n\t\t\t\t\t<dd class='wp-caption-text gallery-caption'>\n\t\t\t\t\tSANYO DIGITAL CAMERA\n\t\t\t\t\t<\/dd><\/dl><dl class='gallery-item'>\n\t\t\t\t<dt class='gallery-icon portrait'>\n\t\t\t\t\t<a href='http:\/\/www.protoieria3.ro\/wp\/wp-content\/uploads\/2017\/02\/Biserica-Sfantul-Ioan-Iacob-Hozevitul.jpg'><img width=\"150\" height=\"150\" src=\"http:\/\/www.protoieria3.ro\/wp\/wp-content\/uploads\/2017\/02\/Biserica-Sfantul-Ioan-Iacob-Hozevitul-150x150.jpg\" class=\"attachment-thumbnail size-thumbnail\" alt=\"\" loading=\"lazy\" srcset=\"http:\/\/www.protoieria3.ro\/wp\/wp-content\/uploads\/2017\/02\/Biserica-Sfantul-Ioan-Iacob-Hozevitul-150x150.jpg 150w, http:\/\/www.protoieria3.ro\/wp\/wp-content\/uploads\/2017\/02\/Biserica-Sfantul-Ioan-Iacob-Hozevitul-85x85.jpg 85w, http:\/\/www.protoieria3.ro\/wp\/wp-content\/uploads\/2017\/02\/Biserica-Sfantul-Ioan-Iacob-Hozevitul-80x80.jpg 80w\" sizes=\"(max-width: 150px) 100vw, 150px\" \/><\/a>\n\t\t\t\t<\/dt><\/dl><dl class='gallery-item'>\n\t\t\t\t<dt class='gallery-icon landscape'>\n\t\t\t\t\t<a href='http:\/\/www.protoieria3.ro\/wp\/wp-content\/uploads\/2017\/02\/ParohiaSfIoanIacobHozevitul5.jpg'><img width=\"150\" height=\"150\" src=\"http:\/\/www.protoieria3.ro\/wp\/wp-content\/uploads\/2017\/02\/ParohiaSfIoanIacobHozevitul5-150x150.jpg\" class=\"attachment-thumbnail size-thumbnail\" alt=\"\" loading=\"lazy\" srcset=\"http:\/\/www.protoieria3.ro\/wp\/wp-content\/uploads\/2017\/02\/ParohiaSfIoanIacobHozevitul5-150x150.jpg 150w, http:\/\/www.protoieria3.ro\/wp\/wp-content\/uploads\/2017\/02\/ParohiaSfIoanIacobHozevitul5-85x85.jpg 85w, http:\/\/www.protoieria3.ro\/wp\/wp-content\/uploads\/2017\/02\/ParohiaSfIoanIacobHozevitul5-80x80.jpg 80w\" sizes=\"(max-width: 150px) 100vw, 150px\" \/><\/a>\n\t\t\t\t<\/dt><\/dl>\n\t\t\t\t<br style='clear: both' \/>\n\t\t\t<\/div>\n\n","protected":false},"excerpt":{"rendered":"<p>Parohia este situat\u0103 \u00een cel mai mare cartier din Bucure\u015fti, ridicat dup\u0103 1960, Balt\u0103-Alb\u0103 &#8211; Titan, cu o popula\u0163ie numeroas\u0103 datorit\u0103 aglomer\u0103rii de blocuri dar \u015fi<span class=\"excerpt-hellip\"> [\u2026]<\/span><\/p>\n","protected":false},"author":3,"featured_media":2810,"comment_status":"open","ping_status":"open","sticky":false,"template":"","format":"standard","meta":[],"categories":[4],"tags":[],"_links":{"self":[{"href":"http:\/\/www.protoieria3.ro\/wp\/wp-json\/wp\/v2\/posts\/2802"}],"collection":[{"href":"http:\/\/www.protoieria3.ro\/wp\/wp-json\/wp\/v2\/posts"}],"about":[{"href":"http:\/\/www.protoieria3.ro\/wp\/wp-json\/wp\/v2\/types\/post"}],"author":[{"embeddable":true,"href":"http:\/\/www.protoieria3.ro\/wp\/wp-json\/wp\/v2\/users\/3"}],"replies":[{"embeddable":true,"href":"http:\/\/www.protoieria3.ro\/wp\/wp-json\/wp\/v2\/comments?post=2802"}],"version-history":[{"count":1,"href":"http:\/\/www.protoieria3.ro\/wp\/wp-json\/wp\/v2\/posts\/2802\/revisions"}],"predecessor-version":[{"id":2811,"href":"http:\/\/www.protoieria3.ro\/wp\/wp-json\/wp\/v2\/posts\/2802\/revisions\/2811"}],"wp:featuredmedia":[{"embeddable":true,"href":"http:\/\/www.protoieria3.ro\/wp\/wp-json\/wp\/v2\/media\/2810"}],"wp:attachment":[{"href":"http:\/\/www.protoieria3.ro\/wp\/wp-json\/wp\/v2\/media?parent=2802"}],"wp:term":[{"taxonomy":"category","embeddable":true,"href":"http:\/\/www.protoieria3.ro\/wp\/wp-json\/wp\/v2\/categories?post=2802"},{"taxonomy":"post_tag","embeddable":true,"href":"http:\/\/www.protoieria3.ro\/wp\/wp-json\/wp\/v2\/tags?post=2802"}],"curies":[{"name":"wp","href":"https:\/\/api.w.org\/{rel}","templated":true}]}}