{"id":2635,"date":"2017-02-03T20:47:09","date_gmt":"2017-02-03T18:47:09","guid":{"rendered":"http:\/\/www.protoieria3.ro\/wp\/?p=2635"},"modified":"2017-02-03T20:47:09","modified_gmt":"2017-02-03T18:47:09","slug":"parohia-razvan","status":"publish","type":"post","link":"http:\/\/www.protoieria3.ro\/wp\/2017\/02\/03\/parohia-razvan\/","title":{"rendered":"Parohia R\u0103zvan"},"content":{"rendered":"<p>Biserica R\u0103zvan este a\u0219ezat\u0103 \u00een vatra veche a Bucure\u0219tilor, pe strada ap\u0103rut\u0103 cu mult dupa ea \u0219i c\u0103reia i-a dat numele Strada Biserica R\u0103zvan, strada care leag\u0103 Calea Mo\u0219ilor de strada Cavafii Vechi. A\u0219adar Biserica R\u0103zvan este situat\u0103 la adresa Str. Biserica R\u0103zvan, nr. 3, Sector\u00a0 3, Bucure\u0219ti.<\/p>\n<ol>\n<li>ISTORICUL BISERICII PAROHIALE. [ISTORIA ZIDIRII EI]<\/li>\n<\/ol>\n<p>\u00cen &#8220;<em>Calendaru Anticu<\/em>&#8221; din 1875, Bucure\u015fti,\u00a0 se spune c\u0103 &#8220;<em>are o vechime de 278 de ani, fiind zidit\u0103 de\u00a0 \u015etefan al II-lea, R\u0103zvan Voevodu, domnul Moldovei&#8221;, \u00een semn de \u00eenfr\u0103\u0163ire a rom\u00e2nilor din \u0163\u0103rile surori<\/em>,,. <a href=\"#_ftn1\" name=\"_ftnref1\">[1]<\/a> A\u015fadar, aceasta s-a petrecut pe la 1597.<\/p>\n<p>\u00centr-o discret\u0103 \u00eensemnare pe coperta Mineiului din noiembrie, P\u0103rintele Vasile Fussu d\u0103 m\u0103rturie : ,,<em>Aceast\u0103 Sf\u00e2nt\u0103 Biseric\u0103 R\u0103zvan o p\u0103storesc de la data de 11 Iunie 1935. Biserica este zidit\u0103 din timpul lui Mihai Viteazu 1596-de c\u0103tre\u00a0 \u0218tefan Domnul Moldovei iar catapeteasma este mai veche de peste 400 de ani. Am scris acestea spre cuno\u0219tiin\u021b\u0103 viitoarelor genera\u021bii \u2018<\/em>\u2019. SS Preot Vasile\u00a0 Fussu , 10 noiembrie 1958.<\/p>\n<p>Biserica actual\u0103 este construit\u0103 de un c\u0103pitan al lui Matei Basarab (1635 &#8211; 1674) numit R\u0103zvan, pe ruinele celei vechi din sec. XVI, dup\u0103 mormintele g\u0103site \u00een jurul s\u0103u.<a href=\"#_ftn2\" name=\"_ftnref2\">[2]<\/a><\/p>\n<p>De-a lungul timpului Biserica a fost ref\u0103cut\u0103\u00a0 \u00een secolul al XV\u0406\u0406 \u0219i al XV\u0406\u0406\u0406 lea de c\u0103tre marele logofat B\u00e2rc\u0103 Cojescu \u0219i maica sa Vl\u0103daia \u0219i de catre marele Vornic Ionache V\u0103c\u0103rescu .<\/p>\n<p>\u00cen secolul XVIII-lea, bisericii i s-a zis m\u00e2n\u0103stire, fiind num\u0103rat\u0103 al\u0103turi de m\u00e2n\u0103stirile: Sf. Sava, Comana, Gruiul etc. M\u00e2n\u0103stirea R\u0103zvan a devenit Metoc al Sf. Morm\u00e2nt de la Ierusalim, adic\u0103 sub obl\u0103duirea Sf. Morm\u00e2nt.<\/p>\n<p>\u00cen 1847 a ars \u0219i a fost ref\u0103cut\u0103. Cu ocazia repict\u0103rii de c\u0103tre C. Lucca \u0219i Mi\u0219u Popp, vechea incrip\u021bie a fost acoperit\u0103.<\/p>\n<p>\u00cen 1863 decretul de secularizare al\u00a0 lui Cuza Vod\u0103 a transformat M\u00e2n\u0103stirea R\u0103zvan \u00een biseric\u0103 de mir.<\/p>\n<p>A fost renovat\u0103 \u00een anul 1974, \u00een timpul arhip\u0103storirii vrednicului de pomenire Patriarhul Justinian Marina.<\/p>\n<p>Al\u021bi istorici au alte p\u0103reri, dar cercet\u0103rile arheologice f\u0103cute de Dinu C. Rosseti, \u00een 1935 \u0219i cele din 1939, arat\u0103 c\u0103 actualul l\u0103ca\u0219\u00a0 este zidit pe urmele unei Biserici din lemn din secolul al XV\u0406 \u2013lea. De atunci \u0219i p\u00e2n\u0103 ast\u0103zi ea a r\u0103mas parohie f\u0103r\u0103 enorie, cu modeste mijloace de subzisten\u0163\u0103.<\/p>\n<p>[ARHITECTURA. PLAN, DIMENSIUNI, MATERIALE DE CONSTRUC\u0162II]. Din punct de vedere arhitectural, construc\u0163ia Bisericii este \u00een plan dreptunghiular, cu\u00a0 o singur\u0103 absid\u0103 semicircular\u0103 \u00een partea estic\u0103 \u0219i care formeaz\u0103 Sf\u00e2ntul Altar . Acest stil este numit Stilul Basilical \u0219i este propriu primului mileniu cre\u0219tin, aceasta dovede\u0219te vechimea sf\u00e2ntului l\u0103ca\u0219.<\/p>\n<p>Catapeteasma este o adevarat\u0103\u00a0 capodoper\u0103, at\u00e2t prin frumuse\u021bea dantel\u0103riilor sculptate \u00een lemn, c\u00e2t \u0219i prin vechimea sa .<\/p>\n<p>Pridvorul Bisericii a fost ad\u00e2ugat destul de t\u00e2rziu, dupa 1847, \u00een binecunoscutul stil br\u00e2ncovenesc. Atunci s-a ref\u0103cut\u00a0 pictura de c\u0103tre Mi\u0219u Popp \u0219i Constantin Lecca.<\/p>\n<p>PISANIA: Pisania bisericii ne arat\u0103 c\u0103: \u201e<strong><em>\u00cen slava lui Dumnezeu s-au \u00een\u0103l\u021bat din temelie aceast\u0103 Sf\u00e2nt\u0103 biseric\u0103 unde se pr\u0103znuie\u015fte Adormirea Prea Sfintei N\u0103sc\u0103toare de Dumnezeu \u015fi pururea Fecioarei Maria, de jup\u00e2n Ianache Vac\u0103r\u0103scu vie aga \u015fi jup\u00e2neasa sa Stanca, cu fiii lor Constantin \u015fi Barbu, \u015fi de Vl\u0103doaia, jup\u00e2neasa c\u0103pitanului Pan\u0103, cu fiul ei Barca Cluciarul, \u015fi s-au \u00eenfrumuse\u0163at cu toate podoabele, \u00een zilele domnului Constantin <\/em><\/strong><strong><em>B B. <\/em><\/strong><strong><em>Voievod \u015fi a Mitropolitului Chir Teodosie, \u00eencep\u00e2ndu-se \u00een mai la anul 1706 \u015fi s-au ispr\u0103vit \u00een luna septembrie anul 1707\u201d<\/em><\/strong><\/p>\n<p>[C. CIMITIRUL]. Parohia nu de\u0163ine un cimitir parohial.<\/p>\n<p>[D. ACTIVIT\u0102\u021aI CULTURALE \u0218I FILANTROPICE \u00ceN TRECUT]<\/p>\n<p>[E. PROFILUL ACTUAL AL PAROHIEI] [activit\u0103\u0163i pastoral misionare, culturale, editoriale, filantropice, catehetice]<\/p>\n<p>[F. DATE DE CONTACT PAROHIE]. [HRAM] <em>Adormirea Maicii Domnului \u0219i Sf\u00e2nta Muceni\u021b\u0103 Filofteia. <\/em>\u00a0[ADRESA] Strada Biserica R\u0103zvan, sector 3, Bucure\u015fti; Tel. 021.610.27.39, \u0219i 0723.323.287<\/p>\n<p><strong><em>BIBLIOGRAFIE<\/em><\/strong>\u00a0 <em>Calendarul Anticu<\/em> , 1875, Bucure\u0219ti, p . 84-85, SS Preot Vasile\u00a0 Fussu , 10 noiembrie 1958<\/p>\n<p>Protoieria III Capital\u0103, <em>\u00a0Monografie \u0219i Album.<\/em>Bucure\u0219ti, 2009. p.279;<\/p>\n<p><a href=\"#_ftnref1\" name=\"_ftn1\">[1]<\/a>\u00a0 <em>Calendarul Anticu<\/em> , 1875, Bucure\u0219ti, p . 84-85, SS Preot Vasile\u00a0 Fussu , 10 noiembrie 1958<\/p>\n<p><a href=\"#_ftnref2\" name=\"_ftn2\">[2]<\/a> Protoieria III Capital\u0103, <em>\u00a0Monografie \u0219i Album.<\/em>Bucure\u0219ti, 2009. p.279;<\/p>\n<h2>Galeria foto:<\/h2>\n\n\t\t\t<style type='text\/css'>\n\t\t\t\t#gallery-1 {\n\t\t\t\t\tmargin: auto;\n\t\t\t\t}\n\t\t\t\t#gallery-1 .gallery-item {\n\t\t\t\t\tfloat: left;\n\t\t\t\t\tmargin-top: 10px;\n\t\t\t\t\ttext-align: center;\n\t\t\t\t\twidth: 24.99%;\n\t\t\t\t}\n\t\t\t\t#gallery-1 img {\n\t\t\t\t\tborder: 2px solid #cfcfcf;\n\t\t\t\t}\n\t\t\t\t#gallery-1 .gallery-caption {\n\t\t\t\t\tmargin-left: 0;\n\t\t\t\t}\n\t\t\t\t\/* see gallery_shortcode() in wp-includes\/media.php *\/\n\t\t\t<\/style>\n\t\t<div id='gallery-1' class='gallery galleryid-2635 gallery-columns-4 gallery-size-thumbnail file'><dl class='gallery-item'>\n\t\t\t\t<dt class='gallery-icon portrait'>\n\t\t\t\t\t<a href='http:\/\/www.protoieria3.ro\/wp\/wp-content\/uploads\/2017\/02\/IMG-20150608-WA0002.jpg'><img width=\"150\" height=\"150\" src=\"http:\/\/www.protoieria3.ro\/wp\/wp-content\/uploads\/2017\/02\/IMG-20150608-WA0002-150x150.jpg\" class=\"attachment-thumbnail size-thumbnail\" alt=\"\" loading=\"lazy\" srcset=\"http:\/\/www.protoieria3.ro\/wp\/wp-content\/uploads\/2017\/02\/IMG-20150608-WA0002-150x150.jpg 150w, http:\/\/www.protoieria3.ro\/wp\/wp-content\/uploads\/2017\/02\/IMG-20150608-WA0002-85x85.jpg 85w, http:\/\/www.protoieria3.ro\/wp\/wp-content\/uploads\/2017\/02\/IMG-20150608-WA0002-80x80.jpg 80w\" sizes=\"(max-width: 150px) 100vw, 150px\" \/><\/a>\n\t\t\t\t<\/dt><\/dl><dl class='gallery-item'>\n\t\t\t\t<dt class='gallery-icon portrait'>\n\t\t\t\t\t<a href='http:\/\/www.protoieria3.ro\/wp\/wp-content\/uploads\/2017\/02\/IMG-20150608-WA0003.jpg'><img width=\"150\" height=\"150\" src=\"http:\/\/www.protoieria3.ro\/wp\/wp-content\/uploads\/2017\/02\/IMG-20150608-WA0003-150x150.jpg\" class=\"attachment-thumbnail size-thumbnail\" alt=\"\" loading=\"lazy\" srcset=\"http:\/\/www.protoieria3.ro\/wp\/wp-content\/uploads\/2017\/02\/IMG-20150608-WA0003-150x150.jpg 150w, http:\/\/www.protoieria3.ro\/wp\/wp-content\/uploads\/2017\/02\/IMG-20150608-WA0003-85x85.jpg 85w, http:\/\/www.protoieria3.ro\/wp\/wp-content\/uploads\/2017\/02\/IMG-20150608-WA0003-80x80.jpg 80w\" sizes=\"(max-width: 150px) 100vw, 150px\" \/><\/a>\n\t\t\t\t<\/dt><\/dl><dl class='gallery-item'>\n\t\t\t\t<dt class='gallery-icon landscape'>\n\t\t\t\t\t<a href='http:\/\/www.protoieria3.ro\/wp\/wp-content\/uploads\/2017\/02\/IMG-20150608-WA0018.jpg'><img width=\"150\" height=\"150\" src=\"http:\/\/www.protoieria3.ro\/wp\/wp-content\/uploads\/2017\/02\/IMG-20150608-WA0018-150x150.jpg\" class=\"attachment-thumbnail size-thumbnail\" alt=\"\" loading=\"lazy\" srcset=\"http:\/\/www.protoieria3.ro\/wp\/wp-content\/uploads\/2017\/02\/IMG-20150608-WA0018-150x150.jpg 150w, http:\/\/www.protoieria3.ro\/wp\/wp-content\/uploads\/2017\/02\/IMG-20150608-WA0018-85x85.jpg 85w, http:\/\/www.protoieria3.ro\/wp\/wp-content\/uploads\/2017\/02\/IMG-20150608-WA0018-80x80.jpg 80w\" sizes=\"(max-width: 150px) 100vw, 150px\" \/><\/a>\n\t\t\t\t<\/dt><\/dl><dl class='gallery-item'>\n\t\t\t\t<dt class='gallery-icon landscape'>\n\t\t\t\t\t<a href='http:\/\/www.protoieria3.ro\/wp\/wp-content\/uploads\/2017\/02\/IMG-20150608-WA0029.jpg'><img width=\"150\" height=\"150\" src=\"http:\/\/www.protoieria3.ro\/wp\/wp-content\/uploads\/2017\/02\/IMG-20150608-WA0029-150x150.jpg\" class=\"attachment-thumbnail size-thumbnail\" alt=\"\" loading=\"lazy\" srcset=\"http:\/\/www.protoieria3.ro\/wp\/wp-content\/uploads\/2017\/02\/IMG-20150608-WA0029-150x150.jpg 150w, http:\/\/www.protoieria3.ro\/wp\/wp-content\/uploads\/2017\/02\/IMG-20150608-WA0029-85x85.jpg 85w, http:\/\/www.protoieria3.ro\/wp\/wp-content\/uploads\/2017\/02\/IMG-20150608-WA0029-80x80.jpg 80w\" sizes=\"(max-width: 150px) 100vw, 150px\" \/><\/a>\n\t\t\t\t<\/dt><\/dl><br style=\"clear: both\" \/>\n\t\t\t<\/div>\n\n","protected":false},"excerpt":{"rendered":"<p>Biserica R\u0103zvan este a\u0219ezat\u0103 \u00een vatra veche a Bucure\u0219tilor, pe strada ap\u0103rut\u0103 cu mult dupa ea \u0219i c\u0103reia i-a dat numele Strada Biserica R\u0103zvan, strada care<span class=\"excerpt-hellip\"> [\u2026]<\/span><\/p>\n","protected":false},"author":3,"featured_media":2474,"comment_status":"open","ping_status":"open","sticky":false,"template":"","format":"standard","meta":[],"categories":[4],"tags":[],"_links":{"self":[{"href":"http:\/\/www.protoieria3.ro\/wp\/wp-json\/wp\/v2\/posts\/2635"}],"collection":[{"href":"http:\/\/www.protoieria3.ro\/wp\/wp-json\/wp\/v2\/posts"}],"about":[{"href":"http:\/\/www.protoieria3.ro\/wp\/wp-json\/wp\/v2\/types\/post"}],"author":[{"embeddable":true,"href":"http:\/\/www.protoieria3.ro\/wp\/wp-json\/wp\/v2\/users\/3"}],"replies":[{"embeddable":true,"href":"http:\/\/www.protoieria3.ro\/wp\/wp-json\/wp\/v2\/comments?post=2635"}],"version-history":[{"count":1,"href":"http:\/\/www.protoieria3.ro\/wp\/wp-json\/wp\/v2\/posts\/2635\/revisions"}],"predecessor-version":[{"id":2641,"href":"http:\/\/www.protoieria3.ro\/wp\/wp-json\/wp\/v2\/posts\/2635\/revisions\/2641"}],"wp:featuredmedia":[{"embeddable":true,"href":"http:\/\/www.protoieria3.ro\/wp\/wp-json\/wp\/v2\/media\/2474"}],"wp:attachment":[{"href":"http:\/\/www.protoieria3.ro\/wp\/wp-json\/wp\/v2\/media?parent=2635"}],"wp:term":[{"taxonomy":"category","embeddable":true,"href":"http:\/\/www.protoieria3.ro\/wp\/wp-json\/wp\/v2\/categories?post=2635"},{"taxonomy":"post_tag","embeddable":true,"href":"http:\/\/www.protoieria3.ro\/wp\/wp-json\/wp\/v2\/tags?post=2635"}],"curies":[{"name":"wp","href":"https:\/\/api.w.org\/{rel}","templated":true}]}}